{"id":827,"date":"2023-12-14T13:53:30","date_gmt":"2023-12-14T12:53:30","guid":{"rendered":"https:\/\/solarkoprerov.cz\/?p=827"},"modified":"2023-12-14T13:53:30","modified_gmt":"2023-12-14T12:53:30","slug":"oteviraci-doba-prosincove-svatky-2023","status":"publish","type":"post","link":"https:\/\/solarkoprerov.cz\/?p=827","title":{"rendered":"otev\u00edrac\u00ed doba prosincov\u00e9 sv\u00e1tky 2023"},"content":{"rendered":"<p>otev\u00edrac\u00ed doba v dob\u011b prosincov\u00fdch sv\u00e1tk\u016f 2023<\/p>\n<ul>\n<li>23.12. sobota \u00a0\u00a0\u00a0\u00a0 14-18<\/li>\n<li>24.12. ned\u011ble \u00a0\u00a0\u00a0 zav\u0159eno<\/li>\n<li>25.12. pond\u011bl\u00ed \u00a0\u00a0 zav\u0159eno<\/li>\n<li>26.12. \u00fater\u00fd \u00a0\u00a0\u00a0\u00a0\u00a0\u00a0 zav\u0159eno<\/li>\n<li>27.12. st\u0159eda\u00a0\u00a0 \u00a0\u00a0 10-19<\/li>\n<li>28.12. \u010dtvrtek \u00a0\u00a0 10-19<\/li>\n<li>29.12. p\u00e1tek \u00a0 \u00a0 \u00a0 10-19<\/li>\n<li>30.12. sobota\u00a0 \u00a0 14-18<\/li>\n<li>31.12. ned\u011ble \u00a0\u00a0\u00a0 zav\u0159eno<\/li>\n<li>1.1. pond\u011bl\u00ed \u00a0\u00a0\u00a0\u00a0\u00a0\u00a0\u00a0 zav\u0159eno<\/li>\n<li>2.1. \u00fater\u00fd \u00a0 \u00a0\u00a0 \u00a0\u00a0 \u00a0\u00a0 10-19<\/li>\n<\/ul>\n<p>dal\u0161\u00ed dny norm\u00e1ln\u00ed otev\u00edrac\u00ed doba<\/p>\n<p>Po-P\u00e1: 10-19,\u00a0 So: 14-18<\/p>\n<p>P\u0159ejeme p\u011bkn\u00e9 sv\u00e1tky!<\/p>\n","protected":false},"excerpt":{"rendered":"<p>otev\u00edrac\u00ed doba v dob\u011b prosincov\u00fdch sv\u00e1tk\u016f 2023 23.12. sobota \u00a0\u00a0\u00a0\u00a0 14-18 24.12. ned\u011ble \u00a0\u00a0\u00a0 zav\u0159eno 25.12. pond\u011bl\u00ed \u00a0\u00a0 zav\u0159eno 26.12. \u00fater\u00fd \u00a0\u00a0\u00a0\u00a0\u00a0\u00a0 zav\u0159eno 27.12. st\u0159eda\u00a0\u00a0 \u00a0\u00a0 10-19 28.12. \u010dtvrtek \u00a0\u00a0 10-19 29.12. p\u00e1tek \u00a0 \u00a0 \u00a0 10-19 30.12. sobota\u00a0 \u00a0 14-18 31.12. ned\u011ble \u00a0\u00a0\u00a0 zav\u0159eno 1.1. pond\u011bl\u00ed \u00a0\u00a0\u00a0\u00a0\u00a0\u00a0\u00a0 zav\u0159eno 2.1. \u00fater\u00fd \u00a0 \u00a0\u00a0 \u00a0\u00a0 \u00a0\u00a0 &hellip; <\/p>\n<p class=\"link-more\"><a href=\"https:\/\/solarkoprerov.cz\/?p=827\" class=\"more-link\">Pokra\u010dovat ve \u010dten\u00ed<span class=\"screen-reader-text\"> &#8222;otev\u00edrac\u00ed doba prosincov\u00e9 sv\u00e1tky 2023&#8220;<\/span><\/a><\/p>\n","protected":false},"author":1,"featured_media":0,"comment_status":"open","ping_status":"open","sticky":false,"template":"","format":"standard","meta":[],"categories":[1],"tags":[],"_links":{"self":[{"href":"https:\/\/solarkoprerov.cz\/index.php?rest_route=\/wp\/v2\/posts\/827"}],"collection":[{"href":"https:\/\/solarkoprerov.cz\/index.php?rest_route=\/wp\/v2\/posts"}],"about":[{"href":"https:\/\/solarkoprerov.cz\/index.php?rest_route=\/wp\/v2\/types\/post"}],"author":[{"embeddable":true,"href":"https:\/\/solarkoprerov.cz\/index.php?rest_route=\/wp\/v2\/users\/1"}],"replies":[{"embeddable":true,"href":"https:\/\/solarkoprerov.cz\/index.php?rest_route=%2Fwp%2Fv2%2Fcomments&post=827"}],"version-history":[{"count":1,"href":"https:\/\/solarkoprerov.cz\/index.php?rest_route=\/wp\/v2\/posts\/827\/revisions"}],"predecessor-version":[{"id":828,"href":"https:\/\/solarkoprerov.cz\/index.php?rest_route=\/wp\/v2\/posts\/827\/revisions\/828"}],"wp:attachment":[{"href":"https:\/\/solarkoprerov.cz\/index.php?rest_route=%2Fwp%2Fv2%2Fmedia&parent=827"}],"wp:term":[{"taxonomy":"category","embeddable":true,"href":"https:\/\/solarkoprerov.cz\/index.php?rest_route=%2Fwp%2Fv2%2Fcategories&post=827"},{"taxonomy":"post_tag","embeddable":true,"href":"https:\/\/solarkoprerov.cz\/index.php?rest_route=%2Fwp%2Fv2%2Ftags&post=827"}],"curies":[{"name":"wp","href":"https:\/\/api.w.org\/{rel}","templated":true}]}}