{"id":762,"date":"2023-03-29T10:59:44","date_gmt":"2023-03-29T08:59:44","guid":{"rendered":"https:\/\/solarkoprerov.cz\/?p=762"},"modified":"2023-03-29T10:59:44","modified_gmt":"2023-03-29T08:59:44","slug":"rubino-trubice-jsme-osadili-do-druheho-solaria","status":"publish","type":"post","link":"https:\/\/solarkoprerov.cz\/?p=762","title":{"rendered":"Rubino trubice jsme osadili do druh\u00e9ho sol\u00e1ria"},"content":{"rendered":"<h2>Trubice <a href=\"https:\/\/solarkoprerov.cz\/?p=694\" target=\"_blank\" rel=\"noopener\">Cosmedico Rubino<\/a> jsou nov\u011b naistalov\u00e1ny tak\u00e9 v tyrkysov\u00e9m sol\u00e1riu Luxura X7. P\u0159\u00edjemn\u011b n\u00e1s p\u0159ekvapil V\u00e1\u0161 rychl\u00fd a intenzivn\u00ed z\u00e1jem o opalov\u00e1n\u00ed nov\u00fdmi trubicemi Cosmedico Rubino, kter\u00e9 byly instalov\u00e1ny do nov\u00e9ho stroje <a href=\"https:\/\/solarkoprerov.cz\/?p=706\" target=\"_blank\" rel=\"noopener\">Luxura X7 II (b\u00edl\u00e1)<\/a>. Od spu\u0161t\u011bn\u00ed 6. b\u0159ezna 2023 nar\u016fstaly objedn\u00e1vky a n\u00e1v\u0161t\u011bvy natolik rychle, \u017ee jsme museli urychlit pl\u00e1novanou v\u00fdm\u011bnu trubic v tyrkysov\u00e9m sol\u00e1riu za Rubino trubice, abychom dok\u00e1zali uspokojit V\u00e1\u0161 z\u00e1jem.<\/h2>\n<p><a href=\"https:\/\/solarkoprerov.cz\/wp-content\/uploads\/2023\/02\/Lampe-Cosmedico-RUBINO-web.png\"><img decoding=\"async\" loading=\"lazy\" class=\"alignleft wp-image-702 size-full\" src=\"https:\/\/solarkoprerov.cz\/wp-content\/uploads\/2023\/02\/Lampe-Cosmedico-RUBINO-web.png\" alt=\"\" width=\"1000\" height=\"334\" srcset=\"https:\/\/solarkoprerov.cz\/wp-content\/uploads\/2023\/02\/Lampe-Cosmedico-RUBINO-web.png 1000w, https:\/\/solarkoprerov.cz\/wp-content\/uploads\/2023\/02\/Lampe-Cosmedico-RUBINO-web-300x100.png 300w, https:\/\/solarkoprerov.cz\/wp-content\/uploads\/2023\/02\/Lampe-Cosmedico-RUBINO-web-768x257.png 768w\" sizes=\"(max-width: 767px) 89vw, (max-width: 1000px) 54vw, (max-width: 1071px) 543px, 580px\" \/><\/a><br \/>\nOd dne\u0161n\u00edho dne jsou V\u00e1m v na\u0161em sol\u00e1rn\u00edm studiu \u0160\u00e1rlin k dispozici 2 sol\u00e1ria vybaven\u00e9 stejnou technologi\u00ed <a href=\"https:\/\/solarkoprerov.cz\/?p=694\" target=\"_blank\" rel=\"noopener\">Cosmedico Rubino<\/a> kombinuj\u00edc\u00ed standardn\u00ed UV opalov\u00e1n\u00ed s \u010derven\u00fdm (IR) spektrem, kter\u00e9 v poko\u017ece stimuluje produkci kolagenu, elastinu a n\u011bkter\u00fdch enzym\u016f. Reakce V\u00e1s z\u00e1kazn\u00edk\u016f za 3 t\u00fddny provozu <a href=\"https:\/\/solarkoprerov.cz\/?p=706\" target=\"_blank\" rel=\"noopener\">nov\u00e9ho b\u00edl\u00e9ho sol\u00e1ria Luxura X7 II<\/a> potvrzuj\u00ed informace v\u00fdrobce, \u017ee opalov\u00e1n\u00edm trubicemi Cosmedico Rubino doch\u00e1z\u00ed k viditeln\u00e9mu nav\u00fd\u0161en\u00ed p\u0159\u00edm\u00e9 pigmentace poko\u017eky, d\u00e9le trvaj\u00edc\u00edmu op\u00e1len\u00ed s p\u0159irozenou barvou a poko\u017eka je po op\u00e1len\u00ed viditeln\u011b hladk\u00e1 a sv\u011b\u017e\u00ed.<\/p>\n","protected":false},"excerpt":{"rendered":"<p>Trubice Cosmedico Rubino jsou nov\u011b naistalov\u00e1ny tak\u00e9 v tyrkysov\u00e9m sol\u00e1riu Luxura X7. P\u0159\u00edjemn\u011b n\u00e1s p\u0159ekvapil V\u00e1\u0161 rychl\u00fd a intenzivn\u00ed z\u00e1jem o opalov\u00e1n\u00ed nov\u00fdmi trubicemi Cosmedico Rubino, kter\u00e9 byly instalov\u00e1ny do nov\u00e9ho stroje Luxura X7 II (b\u00edl\u00e1). Od spu\u0161t\u011bn\u00ed 6. b\u0159ezna 2023 nar\u016fstaly objedn\u00e1vky a n\u00e1v\u0161t\u011bvy natolik rychle, \u017ee jsme museli urychlit pl\u00e1novanou v\u00fdm\u011bnu trubic v &hellip; <\/p>\n<p class=\"link-more\"><a href=\"https:\/\/solarkoprerov.cz\/?p=762\" class=\"more-link\">Pokra\u010dovat ve \u010dten\u00ed<span class=\"screen-reader-text\"> &#8222;Rubino trubice jsme osadili do druh\u00e9ho sol\u00e1ria&#8220;<\/span><\/a><\/p>\n","protected":false},"author":1,"featured_media":0,"comment_status":"open","ping_status":"open","sticky":false,"template":"","format":"standard","meta":[],"categories":[1],"tags":[],"_links":{"self":[{"href":"https:\/\/solarkoprerov.cz\/index.php?rest_route=\/wp\/v2\/posts\/762"}],"collection":[{"href":"https:\/\/solarkoprerov.cz\/index.php?rest_route=\/wp\/v2\/posts"}],"about":[{"href":"https:\/\/solarkoprerov.cz\/index.php?rest_route=\/wp\/v2\/types\/post"}],"author":[{"embeddable":true,"href":"https:\/\/solarkoprerov.cz\/index.php?rest_route=\/wp\/v2\/users\/1"}],"replies":[{"embeddable":true,"href":"https:\/\/solarkoprerov.cz\/index.php?rest_route=%2Fwp%2Fv2%2Fcomments&post=762"}],"version-history":[{"count":4,"href":"https:\/\/solarkoprerov.cz\/index.php?rest_route=\/wp\/v2\/posts\/762\/revisions"}],"predecessor-version":[{"id":766,"href":"https:\/\/solarkoprerov.cz\/index.php?rest_route=\/wp\/v2\/posts\/762\/revisions\/766"}],"wp:attachment":[{"href":"https:\/\/solarkoprerov.cz\/index.php?rest_route=%2Fwp%2Fv2%2Fmedia&parent=762"}],"wp:term":[{"taxonomy":"category","embeddable":true,"href":"https:\/\/solarkoprerov.cz\/index.php?rest_route=%2Fwp%2Fv2%2Fcategories&post=762"},{"taxonomy":"post_tag","embeddable":true,"href":"https:\/\/solarkoprerov.cz\/index.php?rest_route=%2Fwp%2Fv2%2Ftags&post=762"}],"curies":[{"name":"wp","href":"https:\/\/api.w.org\/{rel}","templated":true}]}}