{"id":649,"date":"2022-01-02T10:44:03","date_gmt":"2022-01-02T10:44:03","guid":{"rendered":"http:\/\/solarkoprerov.cz\/?p=649"},"modified":"2022-01-02T10:44:03","modified_gmt":"2022-01-02T10:44:03","slug":"dlouho-jsme-odolavali-ale-ted-musime-zdrazit-o-2-kc","status":"publish","type":"post","link":"https:\/\/solarkoprerov.cz\/?p=649","title":{"rendered":"Dlouho jsme odol\u00e1vali, ale te\u010f mus\u00edme zdra\u017eit o 2 K\u010d"},"content":{"rendered":"<h3>Od srpna 2017, kdy jsme otev\u0159eli na\u0161e Sol\u00e1rn\u00ed studio \u0160\u00e1rlin, jsme se sna\u017eili dr\u017eet stejnou cenu na\u0161ich slu\u017eeb. Postupn\u011b, b\u011bhem uplynul\u00fdch 4 let, narostly ceny elektrick\u00e9 energie o cca 30%. D\u00edky va\u0161\u00ed p\u0159\u00edzni a n\u00e1r\u016fstu u\u017eivatel\u016f slu\u017eeb na\u0161eho sol\u00e1rn\u00edho studia se da\u0159ilo kompenzovat na\u0161e fixn\u00ed n\u00e1klady, tak\u017ee jsme kv\u016fli r\u016fstu cen elektrick\u00e9 energie dok\u00e1zali 4 roky udr\u017eet ceny za opalov\u00e1n\u00ed na stejn\u00e9 \u00farovni. Te\u010f m\u00e1me a p\u0159edev\u0161\u00edm d\u00e1le budeme m\u00edt novou realitu &#8211; o cca 80% dra\u017e\u0161\u00ed elektrickou energii oproti roku 2017. Listopadov\u00e9 a prosincov\u00e9 sn\u00ed\u017een\u00ed DPH sice kr\u00e1tkodob\u011b pomohlo, ale nedok\u00e1zalo odvr\u00e1tit realitu zdra\u017een\u00ed elektrick\u00e9 energie.<\/h3>\n<p><a href=\"https:\/\/solarkoprerov.cz\/wp-content\/uploads\/2021\/12\/energie-solarko_1.jpg\"><img decoding=\"async\" loading=\"lazy\" class=\"aligncenter wp-image-650 size-large\" src=\"https:\/\/solarkoprerov.cz\/wp-content\/uploads\/2021\/12\/energie-solarko_1-1024x637.jpg\" alt=\"\" width=\"525\" height=\"327\" srcset=\"https:\/\/solarkoprerov.cz\/wp-content\/uploads\/2021\/12\/energie-solarko_1-1024x637.jpg 1024w, https:\/\/solarkoprerov.cz\/wp-content\/uploads\/2021\/12\/energie-solarko_1-300x187.jpg 300w, https:\/\/solarkoprerov.cz\/wp-content\/uploads\/2021\/12\/energie-solarko_1-768x478.jpg 768w, https:\/\/solarkoprerov.cz\/wp-content\/uploads\/2021\/12\/energie-solarko_1.jpg 1510w\" sizes=\"(max-width: 525px) 100vw, 525px\" \/><\/a>Hledali jsme co nerozumn\u011bj\u0161\u00ed cestu. Od 1. ledna 2022 jsem nuceni nav\u00fd\u0161it cenu za 1 minutu opalov\u00e1n\u00ed o 2 K\u010d pro v\u0161echny cenov\u00e9 programy. Tedy 16 K\u010d\/min bez permanentky, 12 K\u010d\/min pro dob\u00edjen\u00ed za 500 K\u010d, 11 K\u010d\/min pro dob\u00edjen\u00ed za 1000 K\u010d a 10 K\u010d\/min pro dob\u00edjen\u00ed za 2000 K\u010d.<\/p>\n<figure id=\"attachment_657\" aria-describedby=\"caption-attachment-657\" style=\"width: 525px\" class=\"wp-caption aligncenter\"><a href=\"https:\/\/solarkoprerov.cz\/wp-content\/uploads\/2021\/12\/cenik-opalovani-A4-2022.jpg\"><img decoding=\"async\" loading=\"lazy\" class=\"wp-image-657 size-large\" src=\"https:\/\/solarkoprerov.cz\/wp-content\/uploads\/2021\/12\/cenik-opalovani-A4-2022-1024x724.jpg\" alt=\"\" width=\"525\" height=\"371\" srcset=\"https:\/\/solarkoprerov.cz\/wp-content\/uploads\/2021\/12\/cenik-opalovani-A4-2022-1024x724.jpg 1024w, https:\/\/solarkoprerov.cz\/wp-content\/uploads\/2021\/12\/cenik-opalovani-A4-2022-300x212.jpg 300w, https:\/\/solarkoprerov.cz\/wp-content\/uploads\/2021\/12\/cenik-opalovani-A4-2022-768x543.jpg 768w, https:\/\/solarkoprerov.cz\/wp-content\/uploads\/2021\/12\/cenik-opalovani-A4-2022.jpg 1754w\" sizes=\"(max-width: 525px) 100vw, 525px\" \/><\/a><figcaption id=\"caption-attachment-657\" class=\"wp-caption-text\">cen\u00edk opalov\u00e1n\u00ed v sol\u00e1rn\u00edm studiu \u0160\u00e1rlin od 1.1.2022<\/figcaption><\/figure>\n<p>Pen\u00edze, co m\u00e1te vlo\u017een\u00e9 na permanentk\u00e1ch jsou samoz\u0159ejm\u011b va\u0161e a nic se stavem va\u0161eho konta nem\u011bn\u00ed. Od Nov\u00e9ho roku se jen z va\u0161\u00ed permanentky za ka\u017edou minutu opalov\u00e1n\u00ed bude ode\u010d\u00edtat \u010d\u00e1stka dle nov\u00e9ho cen\u00edku.<\/p>\n<p>&nbsp;<\/p>\n<p>&nbsp;<\/p>\n","protected":false},"excerpt":{"rendered":"<p>Od srpna 2017, kdy jsme otev\u0159eli na\u0161e Sol\u00e1rn\u00ed studio \u0160\u00e1rlin, jsme se sna\u017eili dr\u017eet stejnou cenu na\u0161ich slu\u017eeb. Postupn\u011b, b\u011bhem uplynul\u00fdch 4 let, narostly ceny elektrick\u00e9 energie o cca 30%. D\u00edky va\u0161\u00ed p\u0159\u00edzni a n\u00e1r\u016fstu u\u017eivatel\u016f slu\u017eeb na\u0161eho sol\u00e1rn\u00edho studia se da\u0159ilo kompenzovat na\u0161e fixn\u00ed n\u00e1klady, tak\u017ee jsme kv\u016fli r\u016fstu cen elektrick\u00e9 energie dok\u00e1zali 4 &hellip; <\/p>\n<p class=\"link-more\"><a href=\"https:\/\/solarkoprerov.cz\/?p=649\" class=\"more-link\">Pokra\u010dovat ve \u010dten\u00ed<span class=\"screen-reader-text\"> &#8222;Dlouho jsme odol\u00e1vali, ale te\u010f mus\u00edme zdra\u017eit o 2 K\u010d&#8220;<\/span><\/a><\/p>\n","protected":false},"author":1,"featured_media":0,"comment_status":"open","ping_status":"open","sticky":false,"template":"","format":"standard","meta":[],"categories":[1],"tags":[],"_links":{"self":[{"href":"https:\/\/solarkoprerov.cz\/index.php?rest_route=\/wp\/v2\/posts\/649"}],"collection":[{"href":"https:\/\/solarkoprerov.cz\/index.php?rest_route=\/wp\/v2\/posts"}],"about":[{"href":"https:\/\/solarkoprerov.cz\/index.php?rest_route=\/wp\/v2\/types\/post"}],"author":[{"embeddable":true,"href":"https:\/\/solarkoprerov.cz\/index.php?rest_route=\/wp\/v2\/users\/1"}],"replies":[{"embeddable":true,"href":"https:\/\/solarkoprerov.cz\/index.php?rest_route=%2Fwp%2Fv2%2Fcomments&post=649"}],"version-history":[{"count":8,"href":"https:\/\/solarkoprerov.cz\/index.php?rest_route=\/wp\/v2\/posts\/649\/revisions"}],"predecessor-version":[{"id":660,"href":"https:\/\/solarkoprerov.cz\/index.php?rest_route=\/wp\/v2\/posts\/649\/revisions\/660"}],"wp:attachment":[{"href":"https:\/\/solarkoprerov.cz\/index.php?rest_route=%2Fwp%2Fv2%2Fmedia&parent=649"}],"wp:term":[{"taxonomy":"category","embeddable":true,"href":"https:\/\/solarkoprerov.cz\/index.php?rest_route=%2Fwp%2Fv2%2Fcategories&post=649"},{"taxonomy":"post_tag","embeddable":true,"href":"https:\/\/solarkoprerov.cz\/index.php?rest_route=%2Fwp%2Fv2%2Ftags&post=649"}],"curies":[{"name":"wp","href":"https:\/\/api.w.org\/{rel}","templated":true}]}}