{"id":605,"date":"2021-02-14T19:15:33","date_gmt":"2021-02-14T19:15:33","guid":{"rendered":"http:\/\/solarkoprerov.cz\/?p=605"},"modified":"2021-02-14T19:15:33","modified_gmt":"2021-02-14T19:15:33","slug":"opet-mame-zavreno","status":"publish","type":"post","link":"https:\/\/solarkoprerov.cz\/?p=605","title":{"rendered":"Op\u011bt m\u00e1me zav\u0159eno"},"content":{"rendered":"<h3>Dva dny trvala nad\u011bje, \u017ee je mezi politiky v\u016fle p\u0159ehodnotit nefunk\u010dn\u00ed opat\u0159en\u00ed okolo Covid-19. Nad\u011bje, \u017ee bychom v\u0161ichni m\u011bli stejn\u00e9 podm\u00ednky pro otev\u0159en\u00ed provozoven. U n\u00e1s s p\u0159ehledem m\u00e1me 15 m\u00b2 na jednoho z\u00e1kazn\u00edka, hygienu m\u00e1me p\u0159\u00edsnou jak v nemocnici. Nad\u011bje se v ned\u011bli odpoledne na sv. Valent\u00fdna rozplynuly.<\/h3>\n<p>Vl\u00e1da vyhl\u00e1sila od 15. \u00fanora 2021 nov\u00fd nouzov\u00fd stav. Pon\u011bkud zvl\u00e1\u0161tn\u00edm zp\u016fsobem. N\u00e1m nezb\u00fdv\u00e1 nic jin\u00e9ho, ne\u017e rozhodnut\u00ed vl\u00e1dy respektovat. O ne\u00fastavnosti tohoto kroku si m\u016f\u017eeme myslet sv\u00e9, ale mus\u00edme m\u00edt zav\u0159eno.<\/p>\n<p>Spole\u010dn\u011b budeme doufat, \u017ee vzr\u016fst\u00e1 tlak na revizi opat\u0159en\u00ed nep\u0159isp\u00edvaj\u00edch k potla\u010den\u00ed pandemie. Douf\u00e1me, \u017ee se za\u010dne rozhodovat o opat\u0159en\u00edch podle zd\u016fvodn\u011bn\u00fdch dat, kter\u00e1 maj\u00ed hmatateln\u00fd vliv na potla\u010den\u00ed pandemie a ne na\u0161ich \u017eivot\u016f.<\/p>\n","protected":false},"excerpt":{"rendered":"<p>Dva dny trvala nad\u011bje, \u017ee je mezi politiky v\u016fle p\u0159ehodnotit nefunk\u010dn\u00ed opat\u0159en\u00ed okolo Covid-19. Nad\u011bje, \u017ee bychom v\u0161ichni m\u011bli stejn\u00e9 podm\u00ednky pro otev\u0159en\u00ed provozoven. U n\u00e1s s p\u0159ehledem m\u00e1me 15 m\u00b2 na jednoho z\u00e1kazn\u00edka, hygienu m\u00e1me p\u0159\u00edsnou jak v nemocnici. Nad\u011bje se v ned\u011bli odpoledne na sv. Valent\u00fdna rozplynuly. Vl\u00e1da vyhl\u00e1sila od 15. \u00fanora 2021 &hellip; <\/p>\n<p class=\"link-more\"><a href=\"https:\/\/solarkoprerov.cz\/?p=605\" class=\"more-link\">Pokra\u010dovat ve \u010dten\u00ed<span class=\"screen-reader-text\"> &#8222;Op\u011bt m\u00e1me zav\u0159eno&#8220;<\/span><\/a><\/p>\n","protected":false},"author":1,"featured_media":0,"comment_status":"open","ping_status":"open","sticky":false,"template":"","format":"standard","meta":[],"categories":[1],"tags":[],"_links":{"self":[{"href":"https:\/\/solarkoprerov.cz\/index.php?rest_route=\/wp\/v2\/posts\/605"}],"collection":[{"href":"https:\/\/solarkoprerov.cz\/index.php?rest_route=\/wp\/v2\/posts"}],"about":[{"href":"https:\/\/solarkoprerov.cz\/index.php?rest_route=\/wp\/v2\/types\/post"}],"author":[{"embeddable":true,"href":"https:\/\/solarkoprerov.cz\/index.php?rest_route=\/wp\/v2\/users\/1"}],"replies":[{"embeddable":true,"href":"https:\/\/solarkoprerov.cz\/index.php?rest_route=%2Fwp%2Fv2%2Fcomments&post=605"}],"version-history":[{"count":6,"href":"https:\/\/solarkoprerov.cz\/index.php?rest_route=\/wp\/v2\/posts\/605\/revisions"}],"predecessor-version":[{"id":611,"href":"https:\/\/solarkoprerov.cz\/index.php?rest_route=\/wp\/v2\/posts\/605\/revisions\/611"}],"wp:attachment":[{"href":"https:\/\/solarkoprerov.cz\/index.php?rest_route=%2Fwp%2Fv2%2Fmedia&parent=605"}],"wp:term":[{"taxonomy":"category","embeddable":true,"href":"https:\/\/solarkoprerov.cz\/index.php?rest_route=%2Fwp%2Fv2%2Fcategories&post=605"},{"taxonomy":"post_tag","embeddable":true,"href":"https:\/\/solarkoprerov.cz\/index.php?rest_route=%2Fwp%2Fv2%2Ftags&post=605"}],"curies":[{"name":"wp","href":"https:\/\/api.w.org\/{rel}","templated":true}]}}