{"id":602,"date":"2021-02-12T10:51:01","date_gmt":"2021-02-12T10:51:01","guid":{"rendered":"http:\/\/solarkoprerov.cz\/?p=602"},"modified":"2021-02-12T10:51:01","modified_gmt":"2021-02-12T10:51:01","slug":"v-pondeli-15-2-2021-opet-otevirame","status":"publish","type":"post","link":"https:\/\/solarkoprerov.cz\/?p=602","title":{"rendered":"v pond\u011bl\u00ed 15.2.2021 op\u011bt otev\u00edr\u00e1me"},"content":{"rendered":"<h3>Ve \u010dtvrtek 11. \u00fanora 2021 Parlament \u010cR neschv\u00e1lil vl\u00e1d\u011b prodlou\u017een\u00ed nouzov\u00e9ho stavu. Od pond\u011bl\u00ed 15. \u00fanora 2021 neplat\u00ed z\u00e1kazy vl\u00e1dy, kter\u00e9 na tento nouzov\u00fd stav navazuj\u00ed.<\/h3>\n<p>V tuto chv\u00edli je pr\u00e1vn\u00ed stav takov\u00fd, \u017ee od pond\u011bl\u00ed 15. \u00fanora 2021 m\u016f\u017eeme m\u00edt otev\u0159en\u00e9 na\u0161e Sol\u00e1rn\u00ed studio. S pln\u00fdm v\u011bdom\u00edm epidemick\u00e9ho stavu v na\u0161\u00ed zemi budeme pokra\u010dovat v dodr\u017eov\u00e1n\u00ed hygienick\u00fdch opat\u0159en\u00ed a pros\u00edme V\u00e1s o podobn\u00e9. Pro jistotu se telefonem objednejte na konkr\u00e9tn\u00ed \u010das, abychom respektovali odstupy.<\/p>\n<p>Je dost mo\u017en\u00e9, \u017ee se situace v n\u00e1sleduj\u00edc\u00edch nejbli\u017e\u0161\u00edch dnech bude turbulentn\u011b m\u011bnit v z\u00e1vislosti na rozhodnut\u00ed Ministerstva zdravotnictv\u00ed, Krajsk\u00e9 hygienick\u00e9 stanice, nebo Krajsk\u00e9ho \u00fa\u0159adu. To nezm\u011bn\u00edme, ani moc neovlivn\u00edme. Co v na\u0161\u00ed moci je, \u017ee V\u00e1m chceme poskytnout slu\u017eby na\u0161eho sol\u00e1ria, aby jste po dlouh\u00e9 dob\u011b mohli trochu relaxovat, proh\u0159\u00e1t se a nabrat vitam\u00ednu D.<\/p>\n","protected":false},"excerpt":{"rendered":"<p>Ve \u010dtvrtek 11. \u00fanora 2021 Parlament \u010cR neschv\u00e1lil vl\u00e1d\u011b prodlou\u017een\u00ed nouzov\u00e9ho stavu. Od pond\u011bl\u00ed 15. \u00fanora 2021 neplat\u00ed z\u00e1kazy vl\u00e1dy, kter\u00e9 na tento nouzov\u00fd stav navazuj\u00ed. V tuto chv\u00edli je pr\u00e1vn\u00ed stav takov\u00fd, \u017ee od pond\u011bl\u00ed 15. \u00fanora 2021 m\u016f\u017eeme m\u00edt otev\u0159en\u00e9 na\u0161e Sol\u00e1rn\u00ed studio. S pln\u00fdm v\u011bdom\u00edm epidemick\u00e9ho stavu v na\u0161\u00ed zemi budeme pokra\u010dovat &hellip; <\/p>\n<p class=\"link-more\"><a href=\"https:\/\/solarkoprerov.cz\/?p=602\" class=\"more-link\">Pokra\u010dovat ve \u010dten\u00ed<span class=\"screen-reader-text\"> &#8222;v pond\u011bl\u00ed 15.2.2021 op\u011bt otev\u00edr\u00e1me&#8220;<\/span><\/a><\/p>\n","protected":false},"author":1,"featured_media":0,"comment_status":"open","ping_status":"open","sticky":false,"template":"","format":"standard","meta":[],"categories":[1],"tags":[],"_links":{"self":[{"href":"https:\/\/solarkoprerov.cz\/index.php?rest_route=\/wp\/v2\/posts\/602"}],"collection":[{"href":"https:\/\/solarkoprerov.cz\/index.php?rest_route=\/wp\/v2\/posts"}],"about":[{"href":"https:\/\/solarkoprerov.cz\/index.php?rest_route=\/wp\/v2\/types\/post"}],"author":[{"embeddable":true,"href":"https:\/\/solarkoprerov.cz\/index.php?rest_route=\/wp\/v2\/users\/1"}],"replies":[{"embeddable":true,"href":"https:\/\/solarkoprerov.cz\/index.php?rest_route=%2Fwp%2Fv2%2Fcomments&post=602"}],"version-history":[{"count":2,"href":"https:\/\/solarkoprerov.cz\/index.php?rest_route=\/wp\/v2\/posts\/602\/revisions"}],"predecessor-version":[{"id":604,"href":"https:\/\/solarkoprerov.cz\/index.php?rest_route=\/wp\/v2\/posts\/602\/revisions\/604"}],"wp:attachment":[{"href":"https:\/\/solarkoprerov.cz\/index.php?rest_route=%2Fwp%2Fv2%2Fmedia&parent=602"}],"wp:term":[{"taxonomy":"category","embeddable":true,"href":"https:\/\/solarkoprerov.cz\/index.php?rest_route=%2Fwp%2Fv2%2Fcategories&post=602"},{"taxonomy":"post_tag","embeddable":true,"href":"https:\/\/solarkoprerov.cz\/index.php?rest_route=%2Fwp%2Fv2%2Ftags&post=602"}],"curies":[{"name":"wp","href":"https:\/\/api.w.org\/{rel}","templated":true}]}}