{"id":586,"date":"2020-11-30T17:38:41","date_gmt":"2020-11-30T17:38:41","guid":{"rendered":"http:\/\/solarkoprerov.cz\/?p=586"},"modified":"2020-11-30T17:38:41","modified_gmt":"2020-11-30T17:38:41","slug":"otevirame-nedobrovolne-uzavreni-konci","status":"publish","type":"post","link":"https:\/\/solarkoprerov.cz\/?p=586","title":{"rendered":"Otev\u00edr\u00e1me. Nedobrovoln\u00e9 uzav\u0159en\u00ed kon\u010d\u00ed."},"content":{"rendered":"<h2>Od \u010dtvrtka 3. prosince 2020, po nedobrovoln\u00e9m uzav\u0159en\u00ed, otev\u00edr\u00e1me na\u0161e Sol\u00e1rn\u00ed studio. Jsme V\u00e1m k dispozici v obvykl\u00e9 otev\u00edrac\u00ed dob\u011b: po-p\u00e1 10-19 hodin, sobota 14-18 hodin.<\/h2>\n<p>V\u0159ele doporu\u010dujeme, abyste si objednali term\u00edn n\u00e1v\u0161t\u011bvy. Organiza\u010dn\u011b se na provozu na\u0161eho Sol\u00e1rn\u00edho studia nic nem\u011bn\u00ed. Obsazen\u00e9 mohou b\u00fdt najednou oba boxy. Jedin\u00e9 co mus\u00edme hl\u00eddat, je mno\u017estv\u00ed osob \u010dekaj\u00edc\u00edch na opalov\u00e1n\u00ed. Proto V\u00e1s pros\u00edme o objedn\u00e1v\u00e1n\u00ed n\u00e1v\u0161t\u011bv, abychom zvl\u00e1dali plnit podm\u00ednku vl\u00e1dy jedn\u00e9 osoby na 15 m\u00b2 plochy a abyste nemuseli \u010dekat v zim\u011b na chodn\u00edku.<\/p>\n","protected":false},"excerpt":{"rendered":"<p>Od \u010dtvrtka 3. prosince 2020, po nedobrovoln\u00e9m uzav\u0159en\u00ed, otev\u00edr\u00e1me na\u0161e Sol\u00e1rn\u00ed studio. Jsme V\u00e1m k dispozici v obvykl\u00e9 otev\u00edrac\u00ed dob\u011b: po-p\u00e1 10-19 hodin, sobota 14-18 hodin. V\u0159ele doporu\u010dujeme, abyste si objednali term\u00edn n\u00e1v\u0161t\u011bvy. Organiza\u010dn\u011b se na provozu na\u0161eho Sol\u00e1rn\u00edho studia nic nem\u011bn\u00ed. Obsazen\u00e9 mohou b\u00fdt najednou oba boxy. Jedin\u00e9 co mus\u00edme hl\u00eddat, je mno\u017estv\u00ed osob &hellip; <\/p>\n<p class=\"link-more\"><a href=\"https:\/\/solarkoprerov.cz\/?p=586\" class=\"more-link\">Pokra\u010dovat ve \u010dten\u00ed<span class=\"screen-reader-text\"> &#8222;Otev\u00edr\u00e1me. Nedobrovoln\u00e9 uzav\u0159en\u00ed kon\u010d\u00ed.&#8220;<\/span><\/a><\/p>\n","protected":false},"author":1,"featured_media":0,"comment_status":"open","ping_status":"open","sticky":false,"template":"","format":"standard","meta":[],"categories":[1],"tags":[],"_links":{"self":[{"href":"https:\/\/solarkoprerov.cz\/index.php?rest_route=\/wp\/v2\/posts\/586"}],"collection":[{"href":"https:\/\/solarkoprerov.cz\/index.php?rest_route=\/wp\/v2\/posts"}],"about":[{"href":"https:\/\/solarkoprerov.cz\/index.php?rest_route=\/wp\/v2\/types\/post"}],"author":[{"embeddable":true,"href":"https:\/\/solarkoprerov.cz\/index.php?rest_route=\/wp\/v2\/users\/1"}],"replies":[{"embeddable":true,"href":"https:\/\/solarkoprerov.cz\/index.php?rest_route=%2Fwp%2Fv2%2Fcomments&post=586"}],"version-history":[{"count":1,"href":"https:\/\/solarkoprerov.cz\/index.php?rest_route=\/wp\/v2\/posts\/586\/revisions"}],"predecessor-version":[{"id":587,"href":"https:\/\/solarkoprerov.cz\/index.php?rest_route=\/wp\/v2\/posts\/586\/revisions\/587"}],"wp:attachment":[{"href":"https:\/\/solarkoprerov.cz\/index.php?rest_route=%2Fwp%2Fv2%2Fmedia&parent=586"}],"wp:term":[{"taxonomy":"category","embeddable":true,"href":"https:\/\/solarkoprerov.cz\/index.php?rest_route=%2Fwp%2Fv2%2Fcategories&post=586"},{"taxonomy":"post_tag","embeddable":true,"href":"https:\/\/solarkoprerov.cz\/index.php?rest_route=%2Fwp%2Fv2%2Ftags&post=586"}],"curies":[{"name":"wp","href":"https:\/\/api.w.org\/{rel}","templated":true}]}}