{"id":584,"date":"2020-10-16T16:43:50","date_gmt":"2020-10-16T16:43:50","guid":{"rendered":"http:\/\/solarkoprerov.cz\/?p=584"},"modified":"2020-10-16T16:43:50","modified_gmt":"2020-10-16T16:43:50","slug":"docasne-uzavreni-provozovny","status":"publish","type":"post","link":"https:\/\/solarkoprerov.cz\/?p=584","title":{"rendered":"Do\u010dasn\u00e9 uzav\u0159en\u00ed provozovny"},"content":{"rendered":"<p>Vl\u00e1da sv\u00fdm usnesen\u00edm rozhodla o uzav\u0159en\u00ed wellness za\u0159\u00edzen\u00ed. Na\u0161e provozovna sol\u00e1rn\u00edho studia \u0160\u00e1rlin m\u00e1 Stavebn\u00edm \u00fa\u0159adem \u0159\u00e1dn\u011b zkolaudovanou provozovnu pro poskytov\u00e1n\u00ed slu\u017eeb sol\u00e1rn\u00edho studia, co\u017e tak\u00e9 nezbytn\u011b schv\u00e1lila i Krajsk\u00e1 hygienick\u00e1 stanice. Podobn\u011b m\u00e1me na \u017eivnostensk\u00e9m \u00fa\u0159ad\u011b registrov\u00e1nu tuto provozovnu pro \u017eivnost poskytov\u00e1n\u00ed slu\u017eeb sol\u00e1ri\u00ed. Nejen my jsme p\u0159esv\u011bd\u010deni, \u017ee na\u0161e provozovna nen\u00ed wellness za\u0159\u00edzen\u00ed a \u017ee uzav\u0159en\u00ed se na n\u00e1s nevztahuje. Nav\u00edc vrchovat\u011b spl\u0148ujeme podm\u00ednku p\u0159\u00edtomnosti m\u00e9n\u011b jak 6 osob v\u00a0prostorech na\u0161\u00ed provozovny.<\/p>\n<p>N\u011bkolik dn\u00ed jsme se bohu\u017eel bezv\u00fdsledn\u011b sna\u017eili z\u00edskat od hygienick\u00fdch stanic a Ministerstva zdravotnictv\u00ed stanovisko k\u00a0v\u00fdkladu dvojsmysln\u00e9ho usnesen\u00ed vl\u00e1dy. I kdy\u017e dodr\u017eujeme p\u0159edepsan\u00e1 hygienick\u00e1 opat\u0159en\u00ed, nechceme riskovat ud\u00e1n\u00ed, proto\u017ee b\u011b\u017en\u00e9 kontrole bychom odborn\u00e9 hygienick\u00e9 argumenty obt\u00ed\u017en\u011b vysv\u011btlovali. Proto jsme se rozhodli<\/p>\n<h3><strong>uzav\u0159\u00edt na neur\u010ditou dobu na\u0161\u00ed provozovnu sol\u00e1rn\u00edho studia \u0160\u00e1rlin<\/strong><\/h3>\n<p>&nbsp;<\/p>\n<p>d\u011bkujeme za pochopen\u00ed<\/p>\n","protected":false},"excerpt":{"rendered":"<p>Vl\u00e1da sv\u00fdm usnesen\u00edm rozhodla o uzav\u0159en\u00ed wellness za\u0159\u00edzen\u00ed. Na\u0161e provozovna sol\u00e1rn\u00edho studia \u0160\u00e1rlin m\u00e1 Stavebn\u00edm \u00fa\u0159adem \u0159\u00e1dn\u011b zkolaudovanou provozovnu pro poskytov\u00e1n\u00ed slu\u017eeb sol\u00e1rn\u00edho studia, co\u017e tak\u00e9 nezbytn\u011b schv\u00e1lila i Krajsk\u00e1 hygienick\u00e1 stanice. Podobn\u011b m\u00e1me na \u017eivnostensk\u00e9m \u00fa\u0159ad\u011b registrov\u00e1nu tuto provozovnu pro \u017eivnost poskytov\u00e1n\u00ed slu\u017eeb sol\u00e1ri\u00ed. Nejen my jsme p\u0159esv\u011bd\u010deni, \u017ee na\u0161e provozovna nen\u00ed wellness za\u0159\u00edzen\u00ed &hellip; <\/p>\n<p class=\"link-more\"><a href=\"https:\/\/solarkoprerov.cz\/?p=584\" class=\"more-link\">Pokra\u010dovat ve \u010dten\u00ed<span class=\"screen-reader-text\"> &#8222;Do\u010dasn\u00e9 uzav\u0159en\u00ed provozovny&#8220;<\/span><\/a><\/p>\n","protected":false},"author":1,"featured_media":0,"comment_status":"open","ping_status":"open","sticky":false,"template":"","format":"standard","meta":[],"categories":[1],"tags":[],"_links":{"self":[{"href":"https:\/\/solarkoprerov.cz\/index.php?rest_route=\/wp\/v2\/posts\/584"}],"collection":[{"href":"https:\/\/solarkoprerov.cz\/index.php?rest_route=\/wp\/v2\/posts"}],"about":[{"href":"https:\/\/solarkoprerov.cz\/index.php?rest_route=\/wp\/v2\/types\/post"}],"author":[{"embeddable":true,"href":"https:\/\/solarkoprerov.cz\/index.php?rest_route=\/wp\/v2\/users\/1"}],"replies":[{"embeddable":true,"href":"https:\/\/solarkoprerov.cz\/index.php?rest_route=%2Fwp%2Fv2%2Fcomments&post=584"}],"version-history":[{"count":1,"href":"https:\/\/solarkoprerov.cz\/index.php?rest_route=\/wp\/v2\/posts\/584\/revisions"}],"predecessor-version":[{"id":585,"href":"https:\/\/solarkoprerov.cz\/index.php?rest_route=\/wp\/v2\/posts\/584\/revisions\/585"}],"wp:attachment":[{"href":"https:\/\/solarkoprerov.cz\/index.php?rest_route=%2Fwp%2Fv2%2Fmedia&parent=584"}],"wp:term":[{"taxonomy":"category","embeddable":true,"href":"https:\/\/solarkoprerov.cz\/index.php?rest_route=%2Fwp%2Fv2%2Fcategories&post=584"},{"taxonomy":"post_tag","embeddable":true,"href":"https:\/\/solarkoprerov.cz\/index.php?rest_route=%2Fwp%2Fv2%2Ftags&post=584"}],"curies":[{"name":"wp","href":"https:\/\/api.w.org\/{rel}","templated":true}]}}