{"id":559,"date":"2020-05-07T09:28:30","date_gmt":"2020-05-07T09:28:30","guid":{"rendered":"http:\/\/solarkoprerov.cz\/?p=559"},"modified":"2020-05-07T09:28:30","modified_gmt":"2020-05-07T09:28:30","slug":"hospodarske-noviny-7-5-2020-solaria-nechapou-proc-maji-otevrit-az-11-kvetna-personal-u-nich-neni-v-kontaktu-s-telem-zakaznika","status":"publish","type":"post","link":"https:\/\/solarkoprerov.cz\/?p=559","title":{"rendered":"Hospod\u00e1\u0159sk\u00e9 noviny 7.5.2020: Sol\u00e1ria nech\u00e1pou, pro\u010d maj\u00ed otev\u0159\u00edt a\u017e 11. kv\u011btna. Person\u00e1l u nich nen\u00ed v kontaktu s t\u011blem z\u00e1kazn\u00edka"},"content":{"rendered":"<p>T\u00fddenn\u00ed intenzivn\u00ed komunikace s ministerstvem zdravotnictv\u00ed, ministerstvem pr\u016fmyslu a obchodu, \u00fa\u0159adem vl\u00e1dy, krajsk\u00fdmi hygienick\u00fdmi stanicemi a v\u00fdsledek nula. Nam\u00edsto po\u017eadovan\u00e9ho v\u00fdkladu pr\u00e1vn\u011b z\u00e1vazn\u00e9ho dokumentu na\u0159\u00edzen\u00ed vl\u00e1dy \u010d. 453, se n\u00e1m dostalo chaotick\u00e9ho citov\u00e1n\u00ed z web\u016f ministerstev prov\u00e1zen\u00e9ho dojmologi\u00ed \u00fa\u0159edn\u00edk\u016f. D\u011bkuji redaktor\u016fm z Hospod\u00e1\u0159sk\u00fdch novin, \u017ee n\u00e1s v tom nenechali &#8211; <a href=\"https:\/\/archiv.ihned.cz\/c7-66760600-129c5l-181482f5fc5bfc7\" target=\"_blank\" rel=\"noopener\">7.5.2020 vy\u0161el v Hospod\u00e1\u0159sk\u00fdch novin\u00e1ch \u010dl\u00e1nek Benedikta Lederera a Martina \u0164opka<\/a>.<\/p>\n<h3><span style=\"display: inline !important; float: none; background-color: #ffffff; color: #444444; font-family: 'PT Serif',serif; font-size: 17px; font-style: normal; font-variant: normal; font-weight: 400; letter-spacing: normal; orphans: 2; text-align: left; text-decoration: none; text-indent: 0px; text-transform: none; -webkit-text-stroke-width: 0px; white-space: normal; word-spacing: 0px;\">Podnikatel Petr \u017d\u016frek s\u00a0man\u017eelkou provozuj\u00ed v\u00a0P\u0159erov\u011b mal\u00e9 sol\u00e1rium. &#8222;Oba jsme v\u00a0invalidn\u00edm d\u016fchodu a\u00a0toto je n\u00e1\u0161 n\u00e1stroj ob\u017eivy, proto si pe\u010dliv\u011b hl\u00edd\u00e1me, kdy zase budeme moci otev\u0159\u00edt,&#8220; popisuje \u017d\u016frek. Pr\u00e1v\u011b p\u0159i\u00a0sledov\u00e1n\u00ed toho, jak bude st\u00e1t uvol\u0148ovat opat\u0159en\u00ed, kter\u00fdmi zav\u0159el i\u00a0sol\u00e1ria, narazil \u017d\u016frek na\u00a0rozpor mezi usnesen\u00edm vl\u00e1dy a\u00a0pl\u00e1nem, podle n\u011bho\u017e umo\u017en\u00ed ministerstvo zdravotnictv\u00ed provozovn\u00e1m znovu otev\u0159\u00edt.<\/span><\/h3>\n<p class=\"detail-odstavec\">Ministerstvo po\u010d\u00edt\u00e1 s\u00a0t\u00edm, \u017ee sol\u00e1ria otev\u0159ou v\u00a0pond\u011bl\u00ed 11. kv\u011btna, stejn\u011b jako kade\u0159n\u00edci, mas\u00e9\u0159i\u00a0\u010di\u00a0pedik\u00e9\u0159i. Provozovatel\u00e9 se\u00a0v\u0161ak domn\u00edvaj\u00ed, \u017ee by m\u011bli m\u00edt otev\u0159eno d\u0159\u00edve. Odvol\u00e1vaj\u00ed se\u00a0p\u0159itom na\u00a0na\u0159\u00edzen\u00ed vl\u00e1dy z\u00a0konce dubna, v\u00a0n\u011bm\u017e se\u00a0uv\u00e1d\u00ed, \u017ee od\u00a027. dubna mohou m\u00edt otev\u0159eno mimo jin\u00e9 provozovny, ve\u00a0kter\u00fdch nedoch\u00e1z\u00ed ke\u00a0kontaktu person\u00e1lu s\u00a0t\u011blem z\u00e1kazn\u00edka. Co\u017e sol\u00e1ria spl\u0148uj\u00ed.<\/p>\n<p class=\"detail-odstavec\">Jejich provozovatel\u00e9 upozor\u0148uj\u00ed, \u017ee jejich klient m\u016f\u017ee zaplatit bezkontaktn\u011b, s\u00e1m se\u00a0n\u00e1sledn\u011b odebere k\u00a0opalovac\u00edmu boxu, svl\u00e9kne se\u00a0a\u00a0opaluje a\u00a0pot\u00e9 se\u00a0obl\u00e9kne a\u00a0odch\u00e1z\u00ed. &#8222;N\u00e1sledn\u011b cel\u00fd box dezinfikujeme speci\u00e1ln\u00edmi dezinfek\u010dn\u00edmi prost\u0159edky,&#8220; popisuje \u017d\u016frek s\u00a0t\u00edm, \u017ee cel\u00e1 v\u011bc je proto z\u00a0pohledu rizika \u0161\u00ed\u0159en\u00ed n\u00e1kazy bezpe\u010dn\u00e1. &#8222;Ned\u00e1v\u00e1 logiku m\u00edt zav\u0159eno, kdy\u017e\u00a0t\u0159eba posilovny u\u017e mohou m\u00edt otev\u0159eno,&#8220; dod\u00e1v\u00e1 Michal K\u00e1rych, majitel sol\u00e1rn\u00edch studi\u00ed Sun City.<\/p>\n<p class=\"detail-odstavec\">D\u016fvodem, pro\u010d se\u00a0sol\u00e1ria sna\u017eila jednat s\u00a0ministerstvem o\u00a0d\u0159\u00edv\u011bj\u0161\u00edm otev\u0159en\u00ed, je tak\u00e9 to, \u017ee obdob\u00ed od\u00a0b\u0159ezna do\u00a0kv\u011btna pro\u00a0n\u011b p\u0159edstavuje vrchol sezony. Kdyby sol\u00e1ria otev\u0159ela stejn\u011b jako posilovny 27. dubna, mohla by zm\u00edrnit propad zisk\u016f, kter\u00fd jim pandemie koronaviru p\u0159inesla. &#8222;B\u011bhem dvou t\u00fddn\u016f p\u0159ich\u00e1z\u00edme o\u00a0p\u0159\u00edjem v\u00a0\u0159\u00e1dech stovek tis\u00edc korun,&#8220; \u0159\u00edk\u00e1 K\u00e1rych, jeho\u017e studia jsou v\u00a0n\u011bkolika m\u011bstech po\u00a0republice.<\/p>\n<p class=\"detail-odstavec\">By\u0165 u\u00a0men\u0161\u00edch studi\u00ed nemus\u00ed b\u00fdt p\u0159\u00edjmy tak vysok\u00e9, i\u00a0tak jsou t\u0159eba v\u00a0p\u0159\u00edpad\u011b \u017d\u016frka d\u016fle\u017eit\u00e9. &#8222;B\u011bhem sezony, kter\u00e1 je od\u00a0prosince do\u00a0kv\u011btna, mus\u00edme vyd\u011blat tolik, abychom pokryli n\u00e1klady mimo sezonu. M\u00edt otev\u0159eno dva t\u00fddny by te\u010f pro\u00a0n\u00e1s\u00a0znamenalo zaplacen\u00ed provozn\u00edch n\u00e1klad\u016f na\u00a0m\u011bs\u00edc a\u00a0p\u016fl v\u00a0dob\u011b, kdy o\u00a0slu\u017eby nen\u00ed tolik z\u00e1jem,&#8220; popisuje \u017d\u016frek.<\/p>\n<p class=\"detail-odstavec\">Obr\u00e1til se\u00a0proto na\u00a0ministerstvo zdravotnictv\u00ed, aby mu vysv\u011btlili, kdy m\u016f\u017ee otev\u0159\u00edt a\u00a0pro\u010d byla sol\u00e1ria d\u00e1na\u00a0do\u00a0stejn\u00e9 kategorie jako t\u0159eba kade\u0159nictv\u00ed. Odpov\u011b\u010f v\u0161ak nez\u00edskal.<\/p>\n<p class=\"detail-odstavec\">O\u00a0jedn\u00e1n\u00ed s\u00a0ministerstvem marn\u011b usiloval tak\u00e9 Michal K\u00e1rych, a\u00a0to jako p\u0159edseda \u010cesk\u00e9 asociace zdrav\u00e9ho opalov\u00e1n\u00ed. &#8222;Na\u0161e podnik\u00e1n\u00ed pro\u00a0n\u011b asi nen\u00ed tak d\u016fle\u017eit\u00e9,&#8220; m\u00edn\u00ed K\u00e1rych.<\/p>\n<p class=\"detail-odstavec\">Mluv\u010d\u00ed ministerstva Martin Novotn\u00fd na\u00a0dotaz HN, pro\u010d se\u00a0maj\u00ed sol\u00e1ria otev\u0159\u00edt a\u017e\u00a011. kv\u011btna, pouze odpov\u011bd\u011bl, \u017ee si je \u00fa\u0159ad v\u011bdom, \u017ee v\u00a0sol\u00e1ri\u00edch nedoch\u00e1z\u00ed ke\u00a0kontaktu klienta s\u00a0obsluhou. D\u016fvod, pro\u010d maj\u00ed otev\u0159\u00edt stejn\u011b se\u00a0slu\u017ebami, kde ke\u00a0kontaktu doch\u00e1z\u00ed, v\u0161ak p\u0159es\u00a0opakovanou \u017e\u00e1dost nesd\u011blil.<\/p>\n<p class=\"detail-odstavec\">Postupn\u00e9 otev\u00edr\u00e1n\u00ed obchod\u016f p\u0159edstavila vl\u00e1da v\u00a0p\u016flce dubna. Podle pl\u00e1nu by v\u0161echny provozovny m\u011bly zcela otev\u0159\u00edt za\u010d\u00e1tkem \u010dervna. Jako posledn\u00ed se\u00a0na\u00a0\u0159adu dostanou restaurace, hotely \u010di\u00a0tetovac\u00ed salony. Vl\u00e1da u\u017e d\u0159\u00edve\u00a0uvedla, \u017ee data se\u00a0mohou m\u011bnit podle v\u00fdvoje pandemie. Ned\u00e1vno takto povolila pr\u00e1v\u011b d\u0159\u00edv\u011bj\u0161\u00ed otev\u0159en\u00ed posiloven v\u00a0omezen\u00e9m provozu.<\/p>\n","protected":false},"excerpt":{"rendered":"<p>T\u00fddenn\u00ed intenzivn\u00ed komunikace s ministerstvem zdravotnictv\u00ed, ministerstvem pr\u016fmyslu a obchodu, \u00fa\u0159adem vl\u00e1dy, krajsk\u00fdmi hygienick\u00fdmi stanicemi a v\u00fdsledek nula. Nam\u00edsto po\u017eadovan\u00e9ho v\u00fdkladu pr\u00e1vn\u011b z\u00e1vazn\u00e9ho dokumentu na\u0159\u00edzen\u00ed vl\u00e1dy \u010d. 453, se n\u00e1m dostalo chaotick\u00e9ho citov\u00e1n\u00ed z web\u016f ministerstev prov\u00e1zen\u00e9ho dojmologi\u00ed \u00fa\u0159edn\u00edk\u016f. D\u011bkuji redaktor\u016fm z Hospod\u00e1\u0159sk\u00fdch novin, \u017ee n\u00e1s v tom nenechali &#8211; 7.5.2020 vy\u0161el v Hospod\u00e1\u0159sk\u00fdch novin\u00e1ch &hellip; <\/p>\n<p class=\"link-more\"><a href=\"https:\/\/solarkoprerov.cz\/?p=559\" class=\"more-link\">Pokra\u010dovat ve \u010dten\u00ed<span class=\"screen-reader-text\"> &#8222;Hospod\u00e1\u0159sk\u00e9 noviny 7.5.2020: Sol\u00e1ria nech\u00e1pou, pro\u010d maj\u00ed otev\u0159\u00edt a\u017e 11. kv\u011btna. Person\u00e1l u nich nen\u00ed v kontaktu s t\u011blem z\u00e1kazn\u00edka&#8220;<\/span><\/a><\/p>\n","protected":false},"author":1,"featured_media":0,"comment_status":"open","ping_status":"open","sticky":false,"template":"","format":"standard","meta":[],"categories":[1],"tags":[],"_links":{"self":[{"href":"https:\/\/solarkoprerov.cz\/index.php?rest_route=\/wp\/v2\/posts\/559"}],"collection":[{"href":"https:\/\/solarkoprerov.cz\/index.php?rest_route=\/wp\/v2\/posts"}],"about":[{"href":"https:\/\/solarkoprerov.cz\/index.php?rest_route=\/wp\/v2\/types\/post"}],"author":[{"embeddable":true,"href":"https:\/\/solarkoprerov.cz\/index.php?rest_route=\/wp\/v2\/users\/1"}],"replies":[{"embeddable":true,"href":"https:\/\/solarkoprerov.cz\/index.php?rest_route=%2Fwp%2Fv2%2Fcomments&post=559"}],"version-history":[{"count":3,"href":"https:\/\/solarkoprerov.cz\/index.php?rest_route=\/wp\/v2\/posts\/559\/revisions"}],"predecessor-version":[{"id":562,"href":"https:\/\/solarkoprerov.cz\/index.php?rest_route=\/wp\/v2\/posts\/559\/revisions\/562"}],"wp:attachment":[{"href":"https:\/\/solarkoprerov.cz\/index.php?rest_route=%2Fwp%2Fv2%2Fmedia&parent=559"}],"wp:term":[{"taxonomy":"category","embeddable":true,"href":"https:\/\/solarkoprerov.cz\/index.php?rest_route=%2Fwp%2Fv2%2Fcategories&post=559"},{"taxonomy":"post_tag","embeddable":true,"href":"https:\/\/solarkoprerov.cz\/index.php?rest_route=%2Fwp%2Fv2%2Ftags&post=559"}],"curies":[{"name":"wp","href":"https:\/\/api.w.org\/{rel}","templated":true}]}}