{"id":556,"date":"2020-04-30T10:17:17","date_gmt":"2020-04-30T10:17:17","guid":{"rendered":"http:\/\/solarkoprerov.cz\/?p=556"},"modified":"2020-04-30T10:17:17","modified_gmt":"2020-04-30T10:17:17","slug":"11-kvetna-2020","status":"publish","type":"post","link":"https:\/\/solarkoprerov.cz\/?p=556","title":{"rendered":"11. kv\u011btna 2020"},"content":{"rendered":"<h2><strong>Od pond\u011bl\u00ed 11. kv\u011btna 2020 bychom pro V\u00e1s mohli m\u00edt op\u011bt otev\u0159en\u00e9 na\u0161e Sol\u00e1rn\u00ed studio \u0160\u00e1rlin. Tedy pokud vl\u00e1da op\u011bt n\u011bco neud\u011bl\u00e1 jinak ne\u017e sl\u00edbila.<\/strong><\/h2>\n<p>Otev\u00edrac\u00ed doba bude jak jste byli zvykl\u00ed: Po-P\u00e1 10-19 hodin, So 14-18 hodin. Z Va\u0161ich reakc\u00ed v\u00edme a c\u00edt\u00edme deficit sol\u00e1rn\u00edho p\u016fstu. Budeme se sna\u017eit V\u00e1m co nejv\u00edce vyj\u00edt vst\u0159\u00edct a dohnat op\u00e1len\u00ed. Asi budeme muset dodr\u017eet hygienick\u00e1 pravidla (kter\u00e1 v tuto chv\u00edli moc jasn\u00e1 nejsou) typu odstupy, rou\u0161ky, desinfekce u vstupu. Ur\u010dit\u011b bude praktick\u00e9 ud\u011blat si rezervaci n\u00e1v\u0161t\u011bvy, abychom omezili hromad\u011bn\u00ed \u010dekaj\u00edc\u00edch.<\/p>\n<p>Jedna dobr\u00e1 zpr\u00e1va. M\u00e1me nainstalov\u00e1n platebn\u00ed termin\u00e1l, tak\u017ee platby mohou krom\u011b hotovosti prob\u00edhat i obvykl\u00fdmi platebn\u00edmi kartami VISA a Maestro.<\/p>\n<p>T\u011b\u0161\u00edme se na Va\u0161\u00ed n\u00e1v\u0161t\u011bvu!<\/p>\n","protected":false},"excerpt":{"rendered":"<p>Od pond\u011bl\u00ed 11. kv\u011btna 2020 bychom pro V\u00e1s mohli m\u00edt op\u011bt otev\u0159en\u00e9 na\u0161e Sol\u00e1rn\u00ed studio \u0160\u00e1rlin. Tedy pokud vl\u00e1da op\u011bt n\u011bco neud\u011bl\u00e1 jinak ne\u017e sl\u00edbila. Otev\u00edrac\u00ed doba bude jak jste byli zvykl\u00ed: Po-P\u00e1 10-19 hodin, So 14-18 hodin. Z Va\u0161ich reakc\u00ed v\u00edme a c\u00edt\u00edme deficit sol\u00e1rn\u00edho p\u016fstu. Budeme se sna\u017eit V\u00e1m co nejv\u00edce vyj\u00edt vst\u0159\u00edct &hellip; <\/p>\n<p class=\"link-more\"><a href=\"https:\/\/solarkoprerov.cz\/?p=556\" class=\"more-link\">Pokra\u010dovat ve \u010dten\u00ed<span class=\"screen-reader-text\"> &#8222;11. kv\u011btna 2020&#8220;<\/span><\/a><\/p>\n","protected":false},"author":1,"featured_media":0,"comment_status":"open","ping_status":"open","sticky":false,"template":"","format":"standard","meta":[],"categories":[1],"tags":[],"_links":{"self":[{"href":"https:\/\/solarkoprerov.cz\/index.php?rest_route=\/wp\/v2\/posts\/556"}],"collection":[{"href":"https:\/\/solarkoprerov.cz\/index.php?rest_route=\/wp\/v2\/posts"}],"about":[{"href":"https:\/\/solarkoprerov.cz\/index.php?rest_route=\/wp\/v2\/types\/post"}],"author":[{"embeddable":true,"href":"https:\/\/solarkoprerov.cz\/index.php?rest_route=\/wp\/v2\/users\/1"}],"replies":[{"embeddable":true,"href":"https:\/\/solarkoprerov.cz\/index.php?rest_route=%2Fwp%2Fv2%2Fcomments&post=556"}],"version-history":[{"count":1,"href":"https:\/\/solarkoprerov.cz\/index.php?rest_route=\/wp\/v2\/posts\/556\/revisions"}],"predecessor-version":[{"id":557,"href":"https:\/\/solarkoprerov.cz\/index.php?rest_route=\/wp\/v2\/posts\/556\/revisions\/557"}],"wp:attachment":[{"href":"https:\/\/solarkoprerov.cz\/index.php?rest_route=%2Fwp%2Fv2%2Fmedia&parent=556"}],"wp:term":[{"taxonomy":"category","embeddable":true,"href":"https:\/\/solarkoprerov.cz\/index.php?rest_route=%2Fwp%2Fv2%2Fcategories&post=556"},{"taxonomy":"post_tag","embeddable":true,"href":"https:\/\/solarkoprerov.cz\/index.php?rest_route=%2Fwp%2Fv2%2Ftags&post=556"}],"curies":[{"name":"wp","href":"https:\/\/api.w.org\/{rel}","templated":true}]}}