{"id":510,"date":"2019-07-10T06:42:17","date_gmt":"2019-07-10T06:42:17","guid":{"rendered":"http:\/\/solarkoprerov.cz\/?p=510"},"modified":"2019-07-10T06:42:17","modified_gmt":"2019-07-10T06:42:17","slug":"v-utery-16-7-2019-je-mimoradne-zavreno","status":"publish","type":"post","link":"https:\/\/solarkoprerov.cz\/?p=510","title":{"rendered":"V \u00fater\u00fd 16.7.2019 je mimo\u0159\u00e1dn\u011b zav\u0159eno"},"content":{"rendered":"<p>Z d\u016fvod\u016f p\u0159eru\u0161en\u00ed dod\u00e1vky elektrick\u00e9 energie od \u010cEZ bude v <strong>\u00fater\u00fd 16. \u010dervence 2019 mimo\u0159\u00e1dn\u011b zav\u0159eno<\/strong>.<\/p>\n<p>D\u011bkujeme za pochopen\u00ed<\/p>\n","protected":false},"excerpt":{"rendered":"<p>Z d\u016fvod\u016f p\u0159eru\u0161en\u00ed dod\u00e1vky elektrick\u00e9 energie od \u010cEZ bude v \u00fater\u00fd 16. \u010dervence 2019 mimo\u0159\u00e1dn\u011b zav\u0159eno. D\u011bkujeme za pochopen\u00ed<\/p>\n","protected":false},"author":1,"featured_media":0,"comment_status":"open","ping_status":"open","sticky":false,"template":"","format":"standard","meta":[],"categories":[16],"tags":[],"_links":{"self":[{"href":"https:\/\/solarkoprerov.cz\/index.php?rest_route=\/wp\/v2\/posts\/510"}],"collection":[{"href":"https:\/\/solarkoprerov.cz\/index.php?rest_route=\/wp\/v2\/posts"}],"about":[{"href":"https:\/\/solarkoprerov.cz\/index.php?rest_route=\/wp\/v2\/types\/post"}],"author":[{"embeddable":true,"href":"https:\/\/solarkoprerov.cz\/index.php?rest_route=\/wp\/v2\/users\/1"}],"replies":[{"embeddable":true,"href":"https:\/\/solarkoprerov.cz\/index.php?rest_route=%2Fwp%2Fv2%2Fcomments&post=510"}],"version-history":[{"count":1,"href":"https:\/\/solarkoprerov.cz\/index.php?rest_route=\/wp\/v2\/posts\/510\/revisions"}],"predecessor-version":[{"id":511,"href":"https:\/\/solarkoprerov.cz\/index.php?rest_route=\/wp\/v2\/posts\/510\/revisions\/511"}],"wp:attachment":[{"href":"https:\/\/solarkoprerov.cz\/index.php?rest_route=%2Fwp%2Fv2%2Fmedia&parent=510"}],"wp:term":[{"taxonomy":"category","embeddable":true,"href":"https:\/\/solarkoprerov.cz\/index.php?rest_route=%2Fwp%2Fv2%2Fcategories&post=510"},{"taxonomy":"post_tag","embeddable":true,"href":"https:\/\/solarkoprerov.cz\/index.php?rest_route=%2Fwp%2Fv2%2Ftags&post=510"}],"curies":[{"name":"wp","href":"https:\/\/api.w.org\/{rel}","templated":true}]}}